{"id":425,"date":"2023-06-28T12:54:18","date_gmt":"2023-06-28T12:54:18","guid":{"rendered":"https:\/\/umugwiza.org\/fr\/?p=425"},"modified":"2023-06-28T12:54:18","modified_gmt":"2023-06-28T12:54:18","slug":"reunion-en-assemblee-generale-des-cooperatives-membres-de-la-federation-umugwiza","status":"publish","type":"post","link":"https:\/\/umugwiza.org\/fr\/2023\/06\/28\/reunion-en-assemblee-generale-des-cooperatives-membres-de-la-federation-umugwiza\/","title":{"rendered":"Reunion en assemblee generale des cooperatives membres de la federation umugwiza"},"content":{"rendered":"<div class=\"section-39 wf-section\">\n<div class=\"div-block-header\">\n<div class=\"div-block-146\">\n<div class=\"contenu-article intro w-richtext\">\n<p>Une assembl\u00e9e g\u00e9n\u00e9rale (AG) est le rassemblement de l\u2019ensemble des membres d\u2019une communaut\u00e9 qui vise \u00e0 permettre le d\u00e9bat et d\u00e9terminer les d\u00e9cisions qui devront \u00eatre prises par le groupe. G\u00e9n\u00e9ralement, l\u2019assembl\u00e9e g\u00e9n\u00e9rale est\u00a0<strong>l\u2019organe d\u00e9cisionnel<\/strong>\u00a0du groupement.<\/p>\n<p>Ce fonctionnement par assembl\u00e9e g\u00e9n\u00e9rale est utilis\u00e9 par plusieurs types d\u2019organisations : par les soci\u00e9t\u00e9s (I), ainsi que par les associations (II).<\/p>\n<p>L\u2019ensemble des r\u00e8gles qui vont \u00eatre expos\u00e9es ci-dessous ont vocation g\u00e9n\u00e9rale, les statuts pourront pr\u00e9voir des r\u00e8gles tout autre. Ainsi, une r\u00e9daction pr\u00e9cise de ces-derniers permet d\u2019\u00e9viter des difficult\u00e9s futures quant \u00e0 la convocation des associ\u00e9s et le d\u00e9roulement des assembl\u00e9es g\u00e9n\u00e9rales.<\/p>\n<\/div>\n<\/div>\n<\/div>\n<\/div>\n<div class=\"section-40 wf-section\">\n<div class=\"div-block-header\">\n<div class=\"div-block-144\">\n<div class=\"columns-110 w-row\">\n<div class=\"w-col w-col-2 w-col-small-2\"><img decoding=\"async\" class=\"image-78\" src=\"https:\/\/uploads-ssl.webflow.com\/60a76759aa2590c9a54a2372\/60a76759aa25903cb24a249e_personnage_lecture.svg\" alt=\"Une femme qui regarde le sommaire du blog Capbloc\" \/><\/div>\n<div class=\"column-92 w-col w-col-10 w-col-small-10\">\n<div class=\"div-block-143\">\n<div class=\"text-block-144\">SOMMAIRE :<\/div>\n<p><a class=\"link-8\" href=\"https:\/\/monjuridique.infogreffe.fr\/blog\/assemblee-generale-tout-savoir-pour-mieux-comprendre#bloc-1\">1. Les assembl\u00e9es g\u00e9n\u00e9rales au sein des soci\u00e9t\u00e9s<\/a><a class=\"link-8\" href=\"https:\/\/monjuridique.infogreffe.fr\/blog\/assemblee-generale-tout-savoir-pour-mieux-comprendre#bloc-2\">2. Les assembl\u00e9es g\u00e9n\u00e9rales dans les associations<\/a><a class=\"link-8\" href=\"https:\/\/monjuridique.infogreffe.fr\/blog\/assemblee-generale-tout-savoir-pour-mieux-comprendre#bloc-3\">3. Les solutions apport\u00e9es par MonJuridique pour vos assembl\u00e9es g\u00e9n\u00e9rales<\/a><\/div>\n<\/div>\n<\/div>\n<\/div>\n<\/div>\n<div class=\"div-block-501\">\n<div class=\"div-block-495\" data-w-id=\"519fddf2-8dfd-b2eb-b5b4-9834787f4fe7\">\n<div class=\"text-block-360 legal\">Fermer la fen\u00eatre<\/div>\n<p><img decoding=\"async\" class=\"image-127 legal\" src=\"https:\/\/uploads-ssl.webflow.com\/60a76759aa2590c9a54a2372\/612e40b443819b144f2555dc_fermer-croix.svg\" alt=\"Fermeture fen\u00eatre\" \/><\/div>\n<div class=\"div-block-134 sj\">\n<div class=\"text-block-136\">\ud83d\uddde\ufe0f M&rsquo;INSCRIRE \u00c0 LA NEWSLETTER MONJURIDIQUE<\/div>\n<div class=\"text-block-135 sj\">\u2192 Recevez nos derni\u00e8res synth\u00e8ses juridiques et restez inform\u00e9s des \u00e9volutions r\u00e9glementaires et mises \u00e0 jour de la<\/div>\n<\/div>\n<\/div>\n<\/div>\n","protected":false},"excerpt":{"rendered":"<p>Une assembl\u00e9e g\u00e9n\u00e9rale (AG) est le rassemblement de l\u2019ensemble des membres d\u2019une communaut\u00e9 qui vise \u00e0 permettre le d\u00e9bat et d\u00e9terminer les d\u00e9cisions qui devront \u00eatre prises par le groupe. G\u00e9n\u00e9ralement, l\u2019assembl\u00e9e g\u00e9n\u00e9rale est\u00a0l\u2019organe d\u00e9cisionnel\u00a0du groupement. Ce fonctionnement par assembl\u00e9e g\u00e9n\u00e9rale est utilis\u00e9 par plusieurs types d\u2019organisations : par les soci\u00e9t\u00e9s (I), ainsi que par les associations (II). L\u2019ensemble des [&hellip;]<\/p>\n","protected":false},"author":2,"featured_media":253,"comment_status":"open","ping_status":"open","sticky":false,"template":"","format":"standard","meta":{"footnotes":""},"categories":[30,20,31],"tags":[33,32],"class_list":["post-425","post","type-post","status-publish","format-standard","has-post-thumbnail","hentry","category-agriculture","category-development","category-elevage","tag-cooperative","tag-federation"],"_links":{"self":[{"href":"https:\/\/umugwiza.org\/fr\/wp-json\/wp\/v2\/posts\/425","targetHints":{"allow":["GET"]}}],"collection":[{"href":"https:\/\/umugwiza.org\/fr\/wp-json\/wp\/v2\/posts"}],"about":[{"href":"https:\/\/umugwiza.org\/fr\/wp-json\/wp\/v2\/types\/post"}],"author":[{"embeddable":true,"href":"https:\/\/umugwiza.org\/fr\/wp-json\/wp\/v2\/users\/2"}],"replies":[{"embeddable":true,"href":"https:\/\/umugwiza.org\/fr\/wp-json\/wp\/v2\/comments?post=425"}],"version-history":[{"count":1,"href":"https:\/\/umugwiza.org\/fr\/wp-json\/wp\/v2\/posts\/425\/revisions"}],"predecessor-version":[{"id":426,"href":"https:\/\/umugwiza.org\/fr\/wp-json\/wp\/v2\/posts\/425\/revisions\/426"}],"wp:featuredmedia":[{"embeddable":true,"href":"https:\/\/umugwiza.org\/fr\/wp-json\/wp\/v2\/media\/253"}],"wp:attachment":[{"href":"https:\/\/umugwiza.org\/fr\/wp-json\/wp\/v2\/media?parent=425"}],"wp:term":[{"taxonomy":"category","embeddable":true,"href":"https:\/\/umugwiza.org\/fr\/wp-json\/wp\/v2\/categories?post=425"},{"taxonomy":"post_tag","embeddable":true,"href":"https:\/\/umugwiza.org\/fr\/wp-json\/wp\/v2\/tags?post=425"}],"curies":[{"name":"wp","href":"https:\/\/api.w.org\/{rel}","templated":true}]}}